{"id":624,"date":"2020-10-08T07:28:52","date_gmt":"2020-10-08T05:28:52","guid":{"rendered":"https:\/\/jg-michelsberg.com\/?p=624"},"modified":"2020-10-08T10:24:23","modified_gmt":"2020-10-08T08:24:23","slug":"jom-kippur-5781-und-sukkot","status":"publish","type":"post","link":"https:\/\/jg-michelsberg.com\/index.php\/2020\/10\/08\/jom-kippur-5781-und-sukkot\/","title":{"rendered":"Jom Kippur 5781 und Sukkot"},"content":{"rendered":"\n<p><em>Liebe Besucherinnen und Besucher, falls Sie unsere Seite bereits fr\u00fcher besucht hatten: Unser Jom Kippur-Artikel war Teil des <a href=\"\/index.php\/2020\/10\/07\/seder-zum-neuen-jahr-und-jom-kippur-5781\/\">Seder zum Neuen Jahr-Artikels<\/a>, was leider missverst\u00e4ndlich war, daher haben wir den Artikel jetzt aufgeteilt.<\/em><\/p>\n\n\n\n<p>Nat\u00fcrlich verbrachten wir Jom Kippur, den j\u00fcdischen Vers\u00f6hnungstag, auf die moderne Weise, aber im Einklang mit den J\u00fcdischen Traditionen. Wir versammelten uns im digitalen Raum und standen uns trotz der Entfernung ganz nahe. Auch an diesem Tag war Batja mit uns zusammen.<\/p>\n\n\n\n<p>Jom Kippur ist ein Fastentag, an dem viele Juden &#8211; sofern das ihre Gesundheit nicht gef\u00e4hrdet, denn diese steht stets \u00fcber solchen Regeln &#8211; 25 Stunden nichts essen oder trinken.<\/p>\n\n\n\n<figure class=\"wp-block-image size-large\"><img loading=\"lazy\" decoding=\"async\" width=\"1024\" height=\"768\" src=\"https:\/\/jg-michelsberg.com\/wp-content\/uploads\/2020\/10\/YK2020a-1024x768.jpg\" alt=\"\" class=\"wp-image-613\" srcset=\"https:\/\/jg-michelsberg.com\/wp-content\/uploads\/2020\/10\/YK2020a-1024x768.jpg 1024w, https:\/\/jg-michelsberg.com\/wp-content\/uploads\/2020\/10\/YK2020a-300x225.jpg 300w, https:\/\/jg-michelsberg.com\/wp-content\/uploads\/2020\/10\/YK2020a-768x576.jpg 768w, https:\/\/jg-michelsberg.com\/wp-content\/uploads\/2020\/10\/YK2020a-1536x1152.jpg 1536w, https:\/\/jg-michelsberg.com\/wp-content\/uploads\/2020\/10\/YK2020a-2048x1536.jpg 2048w, https:\/\/jg-michelsberg.com\/wp-content\/uploads\/2020\/10\/YK2020a-1200x900.jpg 1200w, https:\/\/jg-michelsberg.com\/wp-content\/uploads\/2020\/10\/YK2020a-1980x1485.jpg 1980w\" sizes=\"auto, (max-width: 1024px) 100vw, 1024px\" \/><\/figure>\n\n\n\n<p>15 Tage nach dem J\u00fcdischen Neujahrsfest&nbsp;Rosch ha-Schana bzw. 5 Tage nach Jom Kippur beginnt jedes Jahr das j\u00fcdische Freudenfest Sukkot (das Laubh\u00fcttenfest). Es erinnert an die Flucht unserer Vorfahren aus \u00c4gypten, an den langen Weg durch die W\u00fcste, an die \u00dcbernachtungen in provisorischen H\u00fctten.<\/p>\n\n\n\n<p>Als Symbol f\u00fcr die Verg\u00e4nglichkeit von materiellem Wohlstand bauen die Juden zu Sukkot H\u00fctten unter freiem Himmel, dort, wo man Platz findet: z.B. im Garten, im Hof, auf dem Balkon oder auf der Terrasse. <\/p>\n\n\n\n<p>Das Besondere: Durch das Dach dieser H\u00fctte (Sukka) sollen die Sterne zu sehen sein. In Israel und anderen warmen L\u00e4ndern ist die Sukka eine Woche lang ein Zuhause f\u00fcr viele j\u00fcdische Familien. In kalten Gegenden treffen sich Familien an den Sukkot-Tagen zum Essen. Jeder Gast ist in der Sukka herzlich willkommen. Denn im 3. Buch Mose steht: &#8222;Begeht es als Freudenfest mit euren S\u00f6hnen und T\u00f6chtern, [\u2026]&nbsp;mit den Fremden, die bei euch leben\u2026&#8220;.<\/p>\n\n\n\n<p>Ein weiteres Symbol f\u00fcr das Fest ist der Feststrau\u00df. Dieser besteht aus einem Zweig der Dattelpalme, drei Myrten- und zwei Bachweidenzweigen sowie aus der Zitrusfrucht einer Zitronenart, dem Etrog. Der Grund, warum ausgerechnet diese vier Pflanzenarten zum Sukkot-Strau\u00df geh\u00f6ren, ist vermutlich ihre Verschiedenartigkeit. Im Feststrau\u00df sind diese verschiedenen Pflanzenarten zu einem Gebinde vereinigt. Dies soll die Einheit des j\u00fcdischen Volkes und die gegenseitige Verantwortung der Menschen f\u00fcreinander symbolisieren.<\/p>\n\n\n\n<p>Diese zwei Symbole von Sukkot sind f\u00fcr unsere Progressive J\u00fcdische Gemeinde Michelsberg sehr aktuell.<\/p>\n","protected":false},"excerpt":{"rendered":"<p>Liebe Besucherinnen und Besucher, falls Sie unsere Seite bereits fr\u00fcher besucht hatten: Unser Jom Kippur-Artikel war Teil des Seder zum Neuen Jahr-Artikels, was leider missverst\u00e4ndlich war, daher haben wir den Artikel jetzt aufgeteilt. Nat\u00fcrlich verbrachten wir Jom Kippur, den j\u00fcdischen Vers\u00f6hnungstag, auf die moderne Weise, aber im Einklang mit den J\u00fcdischen Traditionen. Wir versammelten uns [&hellip;]<\/p>\n","protected":false},"author":4,"featured_media":0,"comment_status":"open","ping_status":"open","sticky":false,"template":"","format":"standard","meta":{"activitypub_content_warning":"","activitypub_content_visibility":"","activitypub_max_image_attachments":10,"activitypub_interaction_policy_quote":"anyone","activitypub_status":"","footnotes":""},"categories":[1],"tags":[],"class_list":["post-624","post","type-post","status-publish","format-standard","hentry","category-uncategorized"],"_links":{"self":[{"href":"https:\/\/jg-michelsberg.com\/index.php\/wp-json\/wp\/v2\/posts\/624","targetHints":{"allow":["GET"]}}],"collection":[{"href":"https:\/\/jg-michelsberg.com\/index.php\/wp-json\/wp\/v2\/posts"}],"about":[{"href":"https:\/\/jg-michelsberg.com\/index.php\/wp-json\/wp\/v2\/types\/post"}],"author":[{"embeddable":true,"href":"https:\/\/jg-michelsberg.com\/index.php\/wp-json\/wp\/v2\/users\/4"}],"replies":[{"embeddable":true,"href":"https:\/\/jg-michelsberg.com\/index.php\/wp-json\/wp\/v2\/comments?post=624"}],"version-history":[{"count":4,"href":"https:\/\/jg-michelsberg.com\/index.php\/wp-json\/wp\/v2\/posts\/624\/revisions"}],"predecessor-version":[{"id":640,"href":"https:\/\/jg-michelsberg.com\/index.php\/wp-json\/wp\/v2\/posts\/624\/revisions\/640"}],"wp:attachment":[{"href":"https:\/\/jg-michelsberg.com\/index.php\/wp-json\/wp\/v2\/media?parent=624"}],"wp:term":[{"taxonomy":"category","embeddable":true,"href":"https:\/\/jg-michelsberg.com\/index.php\/wp-json\/wp\/v2\/categories?post=624"},{"taxonomy":"post_tag","embeddable":true,"href":"https:\/\/jg-michelsberg.com\/index.php\/wp-json\/wp\/v2\/tags?post=624"}],"curies":[{"name":"wp","href":"https:\/\/api.w.org\/{rel}","templated":true}]}}