{"id":803,"date":"2021-04-26T16:50:00","date_gmt":"2021-04-26T14:50:00","guid":{"rendered":"https:\/\/jg-michelsberg.com\/?p=803"},"modified":"2021-04-27T17:57:32","modified_gmt":"2021-04-27T15:57:32","slug":"portraet-unserer-gemeinde-in-der-frankfurter-rundschau","status":"publish","type":"post","link":"https:\/\/jg-michelsberg.com\/index.php\/2021\/04\/26\/portraet-unserer-gemeinde-in-der-frankfurter-rundschau\/","title":{"rendered":"Portr\u00e4t unserer Gemeinde in der Frankfurter Rundschau"},"content":{"rendered":"\n<p>Nicht mehr ganz taufrisch, aber trotzdem ist diese Nachricht erw\u00e4hnenswert: Diana Unkart schrieb am 21.03. dieses Jahres und damit nur unwesentlich mehr als <a href=\"\/index.php\/2020\/02\/11\/hello-world\/\">ein Jahr nach unserer Gr\u00fcndung<\/a> in der <em>Frankfurter Rundschau<\/em> unter dem Titel <a rel=\"noreferrer noopener\" href=\"https:\/\/www.fr.de\/rhein-main\/wiesbaden\/ein-lebendiges-sichtbares-judentum-90255926.html\" target=\"_blank\">&#8222;Ein lebendiges, sichtbares Judentum&#8220;<\/a>:  <\/p>\n\n\n\n<figure class=\"wp-block-pullquote\"><blockquote><p>Eine neue Wiesbadener Gemeinde will Religion zeitgem\u00e4\u00df leben. Ihre Mitglieder wollen sich in die Stadtgesellschaft einbringen: unter anderem mit Veranstaltungen und der Gr\u00fcndung eines j\u00fcdischen Kultur-Caf\u00e9s.<\/p><cite><a href=\"https:\/\/www.fr.de\/rhein-main\/wiesbaden\/ein-lebendiges-sichtbares-judentum-90255926.html\" target=\"_blank\" rel=\"noreferrer noopener\">https:\/\/www.fr.de\/rhein-main\/wiesbaden\/ein-lebendiges-sichtbares-judentum-90255926.html<\/a><\/cite><\/blockquote><\/figure>\n\n\n\n<p>Wir freuen uns daher sehr, dass in dem sehr umfangreichen und unserer Meinung nach unbedingt lesenswerten Portr\u00e4t <a href=\"\/index.php\/unsere-werte\/\">auch den Werten<\/a>, die den Kern des liberalen Judentums generell und unserer Gemeinde im Besonderen ausmachen, viel Raum gegeben wird (und die \u00fcbrigens \u00fcber das Genannte hinaus <a rel=\"noreferrer noopener\" href=\"https:\/\/www.reconstructingjudaism.org\/endorsement\/amicus-brief-requiring-religious-social-services-providers-comply-nondiscrimination-law\" target=\"_blank\">auch die gleichberechtigte Anerkennung von LGBTQ-Lebensentw\u00fcrfen umfasst<\/a>).<\/p>\n\n\n\n<figure class=\"wp-block-pullquote\"><blockquote><p>Einiges ist anders, wenn sich die Mitglieder der progressiven Wiesbadener Gemeinde treffen: Frauen und M\u00e4nner beispielsweise sind gleichberechtigt, sie sitzen nebeneinander und nicht getrennt. Frauen z\u00e4hlen zum Minjan. [&#8230;] Mit einer Rabbinerin h\u00e4tte niemand ein Problem.<\/p><cite><a href=\"https:\/\/www.fr.de\/rhein-main\/wiesbaden\/ein-lebendiges-sichtbares-judentum-90255926.html\" target=\"_blank\" rel=\"noreferrer noopener\">https:\/\/www.fr.de\/rhein-main\/wiesbaden\/ein-lebendiges-sichtbares-judentum-90255926.html<\/a><\/cite><\/blockquote><\/figure>\n\n\n\n<p>Dar\u00fcber hinaus ist auch einiges \u00fcber den im 19. Jahrhundert in Wiesbaden t\u00e4tigen Rabbiner Abraham Geiger zu erfahren, der einer der wichtigsten Wegbereiter des progressiven und liberalen Judentums war.<\/p>\n\n\n\n<figure class=\"wp-block-pullquote\"><blockquote><p>\u201eJetzt sind wir da\u201c, sagt Larissa Deichmann. \u201eUnd wir bleiben.\u201c<\/p><cite><a href=\"https:\/\/www.fr.de\/rhein-main\/wiesbaden\/ein-lebendiges-sichtbares-judentum-90255926.html\" target=\"_blank\" rel=\"noreferrer noopener\">https:\/\/www.fr.de\/rhein-main\/wiesbaden\/ein-lebendiges-sichtbares-judentum-90255926.html<\/a><\/cite><\/blockquote><\/figure>\n\n\n\n<p>Dem haben wir erst einmal nichts hinzuzuf\u00fcgen.<\/p>\n","protected":false},"excerpt":{"rendered":"<p>Nicht mehr ganz taufrisch, aber trotzdem ist diese Nachricht erw\u00e4hnenswert: Diana Unkart schrieb am 21.03. dieses Jahres und damit nur unwesentlich mehr als ein Jahr nach unserer Gr\u00fcndung in der Frankfurter Rundschau unter dem Titel &#8222;Ein lebendiges, sichtbares Judentum&#8220;: Eine neue Wiesbadener Gemeinde will Religion zeitgem\u00e4\u00df leben. Ihre Mitglieder wollen sich in die Stadtgesellschaft einbringen: [&hellip;]<\/p>\n","protected":false},"author":4,"featured_media":0,"comment_status":"open","ping_status":"open","sticky":false,"template":"","format":"standard","meta":{"activitypub_content_warning":"","activitypub_content_visibility":"","activitypub_max_image_attachments":10,"activitypub_interaction_policy_quote":"anyone","activitypub_status":"","footnotes":""},"categories":[1],"tags":[],"class_list":["post-803","post","type-post","status-publish","format-standard","hentry","category-uncategorized"],"_links":{"self":[{"href":"https:\/\/jg-michelsberg.com\/index.php\/wp-json\/wp\/v2\/posts\/803","targetHints":{"allow":["GET"]}}],"collection":[{"href":"https:\/\/jg-michelsberg.com\/index.php\/wp-json\/wp\/v2\/posts"}],"about":[{"href":"https:\/\/jg-michelsberg.com\/index.php\/wp-json\/wp\/v2\/types\/post"}],"author":[{"embeddable":true,"href":"https:\/\/jg-michelsberg.com\/index.php\/wp-json\/wp\/v2\/users\/4"}],"replies":[{"embeddable":true,"href":"https:\/\/jg-michelsberg.com\/index.php\/wp-json\/wp\/v2\/comments?post=803"}],"version-history":[{"count":4,"href":"https:\/\/jg-michelsberg.com\/index.php\/wp-json\/wp\/v2\/posts\/803\/revisions"}],"predecessor-version":[{"id":813,"href":"https:\/\/jg-michelsberg.com\/index.php\/wp-json\/wp\/v2\/posts\/803\/revisions\/813"}],"wp:attachment":[{"href":"https:\/\/jg-michelsberg.com\/index.php\/wp-json\/wp\/v2\/media?parent=803"}],"wp:term":[{"taxonomy":"category","embeddable":true,"href":"https:\/\/jg-michelsberg.com\/index.php\/wp-json\/wp\/v2\/categories?post=803"},{"taxonomy":"post_tag","embeddable":true,"href":"https:\/\/jg-michelsberg.com\/index.php\/wp-json\/wp\/v2\/tags?post=803"}],"curies":[{"name":"wp","href":"https:\/\/api.w.org\/{rel}","templated":true}]}}